
{"id":1799,"date":"2022-10-07T12:03:00","date_gmt":"2022-10-07T11:03:00","guid":{"rendered":"https:\/\/www.myplan.ie\/solar-planning-exemptions\/"},"modified":"2023-09-19T16:37:44","modified_gmt":"2023-09-19T15:37:44","slug":"solar-planning-exemptions","status":"publish","type":"post","link":"https:\/\/www.myplan.ie\/ga\/solar-planning-exemptions\/","title":{"rendered":"D\u00edol\u00faint\u00ed Plean\u00e1la Gr\u00e9ine"},"content":{"rendered":"\n<p>Comhcheangla\u00edonn Rialach\u00e1in an Achta um Plean\u00e1il agus Forbairt 2000 (Forbairt Dh\u00edolmhaithe) (Uimh. 3) 2022 agus na Rialach\u00e1in um Plean\u00e1il agus Forbairt (Crios Coimirce Gr\u00e9ine) 2022 taca\u00edochta at\u00e1 i bhfeidhm anois, chun for\u00e1lacha nuashonraithe a shol\u00e1thar maidir le d\u00edol\u00faint\u00ed plean\u00e1la le haghaidh suite\u00e1lacha gr\u00e9ine ar an d\u00edon.<\/p>\n\n\n\n<p>Leagann na Rialach\u00e1in um Plean\u00e1il agus Forbairt (Crios Coimirce Gr\u00e9ine) 2022 amach 43 Chrios Cosanta Gr\u00e9ine (SSZanna) ar limist\u00e9ir iad timpeall ar aerfoirt, aeradr\u00f3im n\u00f3 h\u00e9ileapadanna ina bhf\u00e9adfadh s\u00e9 go mbeadh tionchar ag gliondar n\u00f3 dallr\u00fa \u00f3 phain\u00e9il ghr\u00e9ine ar sh\u00e1bh\u00e1ilteacht eitl\u00edochta. Baineann teorainn mh\u00e9adair chearnach ar phain\u00e9il ghr\u00e9ine ar dh\u00edon laistigh de na criosanna seo le gach cine\u00e1l forbartha seachas tithe. Is f\u00e9idir na SSZanna a fheice\u00e1il anseo: <a href=\"https:\/\/housinggovie.maps.arcgis.com\/apps\/instant\/basic\/index.html?appid=5d9bad421ce242b280cd709d4c50afca\">L\u00e9arsc\u00e1il de Chriosanna Cosanta Gr\u00e9ine<\/a>.<\/p>\n\n\n\n<p>T\u00e1 c\u00f3ipeanna de Rialach\u00e1in an Achta um Plean\u00e1il agus Forbairt 2000 (Forbairt Dh\u00edolmhaithe) (Uimh. 3) 2022 agus na Rialach\u00e1in um Plean\u00e1il agus Forbairt (Crios Coimirce Gr\u00e9ine) 2022 taca\u00edochta ar f\u00e1il ar shu\u00edomh Gr\u00e9as\u00e1in Leabhar Reachtanna na h\u00c9ireann.<\/p>\n","protected":false},"excerpt":{"rendered":"<p>Comhcheangla\u00edonn Rialach\u00e1in an Achta um Plean\u00e1il agus Forbairt 2000 (Forbairt Dh\u00edolmhaithe) (Uimh. 3) 2022 agus na Rialach\u00e1in um Plean\u00e1il agus Forbairt (Crios Coimirce Gr\u00e9ine) 2022 taca\u00edochta at\u00e1 i bhfeidhm anois, chun for\u00e1lacha nuashonraithe a shol\u00e1thar maidir le d\u00edol\u00faint\u00ed plean\u00e1la le haghaidh suite\u00e1lacha gr\u00e9ine ar an d\u00edon. Leagann na Rialach\u00e1in um Plean\u00e1il agus Forbairt (Crios Coimirce [&hellip;]<\/p>\n","protected":false},"author":7,"featured_media":0,"comment_status":"closed","ping_status":"closed","sticky":false,"template":"","format":"standard","meta":{"_acf_changed":false,"footnotes":""},"categories":[8],"tags":[],"class_list":["post-1799","post","type-post","status-publish","format-standard","hentry","category-news-ga"],"acf":[],"yoast_head":"<!-- This site is optimized with the Yoast SEO plugin v27.5 - https:\/\/yoast.com\/product\/yoast-seo-wordpress\/ -->\n<title>D\u00edol\u00faint\u00ed Plean\u00e1la Gr\u00e9ine - My Plan<\/title>\n<meta name=\"robots\" content=\"index, follow, max-snippet:-1, max-image-preview:large, max-video-preview:-1\" \/>\n<link rel=\"canonical\" href=\"https:\/\/www.myplan.ie\/ga\/solar-planning-exemptions\/\" \/>\n<meta name=\"twitter:label1\" content=\"Written by\" \/>\n\t<meta name=\"twitter:data1\" content=\"Cathal Black\" \/>\n\t<meta name=\"twitter:label2\" content=\"Est. reading time\" \/>\n\t<meta name=\"twitter:data2\" content=\"1 minute\" \/>\n<script type=\"application\/ld+json\" class=\"yoast-schema-graph\">{\"@context\":\"https:\\\/\\\/schema.org\",\"@graph\":[{\"@type\":\"Article\",\"@id\":\"https:\\\/\\\/www.myplan.ie\\\/ga\\\/solar-planning-exemptions\\\/#article\",\"isPartOf\":{\"@id\":\"https:\\\/\\\/www.myplan.ie\\\/ga\\\/solar-planning-exemptions\\\/\"},\"author\":{\"name\":\"Cathal Black\",\"@id\":\"https:\\\/\\\/www.myplan.ie\\\/#\\\/schema\\\/person\\\/9c8911956c121a7770f53a2cdebef316\"},\"headline\":\"D\u00edol\u00faint\u00ed Plean\u00e1la Gr\u00e9ine\",\"datePublished\":\"2022-10-07T11:03:00+00:00\",\"dateModified\":\"2023-09-19T15:37:44+00:00\",\"mainEntityOfPage\":{\"@id\":\"https:\\\/\\\/www.myplan.ie\\\/ga\\\/solar-planning-exemptions\\\/\"},\"wordCount\":205,\"publisher\":{\"@id\":\"https:\\\/\\\/www.myplan.ie\\\/#organization\"},\"articleSection\":[\"News\"],\"inLanguage\":\"ga-IE\"},{\"@type\":\"WebPage\",\"@id\":\"https:\\\/\\\/www.myplan.ie\\\/ga\\\/solar-planning-exemptions\\\/\",\"url\":\"https:\\\/\\\/www.myplan.ie\\\/ga\\\/solar-planning-exemptions\\\/\",\"name\":\"D\u00edol\u00faint\u00ed Plean\u00e1la Gr\u00e9ine - My Plan\",\"isPartOf\":{\"@id\":\"https:\\\/\\\/www.myplan.ie\\\/#website\"},\"datePublished\":\"2022-10-07T11:03:00+00:00\",\"dateModified\":\"2023-09-19T15:37:44+00:00\",\"breadcrumb\":{\"@id\":\"https:\\\/\\\/www.myplan.ie\\\/ga\\\/solar-planning-exemptions\\\/#breadcrumb\"},\"inLanguage\":\"ga-IE\",\"potentialAction\":[{\"@type\":\"ReadAction\",\"target\":[\"https:\\\/\\\/www.myplan.ie\\\/ga\\\/solar-planning-exemptions\\\/\"]}]},{\"@type\":\"BreadcrumbList\",\"@id\":\"https:\\\/\\\/www.myplan.ie\\\/ga\\\/solar-planning-exemptions\\\/#breadcrumb\",\"itemListElement\":[{\"@type\":\"ListItem\",\"position\":1,\"name\":\"Home\",\"item\":\"https:\\\/\\\/www.myplan.ie\\\/ga\\\/\"},{\"@type\":\"ListItem\",\"position\":2,\"name\":\"D\u00edol\u00faint\u00ed Plean\u00e1la Gr\u00e9ine\"}]},{\"@type\":\"WebSite\",\"@id\":\"https:\\\/\\\/www.myplan.ie\\\/#website\",\"url\":\"https:\\\/\\\/www.myplan.ie\\\/\",\"name\":\"My Plan\",\"description\":\"\",\"publisher\":{\"@id\":\"https:\\\/\\\/www.myplan.ie\\\/#organization\"},\"potentialAction\":[{\"@type\":\"SearchAction\",\"target\":{\"@type\":\"EntryPoint\",\"urlTemplate\":\"https:\\\/\\\/www.myplan.ie\\\/?s={search_term_string}\"},\"query-input\":{\"@type\":\"PropertyValueSpecification\",\"valueRequired\":true,\"valueName\":\"search_term_string\"}}],\"inLanguage\":\"ga-IE\"},{\"@type\":\"Organization\",\"@id\":\"https:\\\/\\\/www.myplan.ie\\\/#organization\",\"name\":\"My Plan\",\"url\":\"https:\\\/\\\/www.myplan.ie\\\/\",\"logo\":{\"@type\":\"ImageObject\",\"inLanguage\":\"ga-IE\",\"@id\":\"https:\\\/\\\/www.myplan.ie\\\/#\\\/schema\\\/logo\\\/image\\\/\",\"url\":\"https:\\\/\\\/myplan-cdn-prod.s3.eu-west-1.amazonaws.com\\\/wp-content\\\/uploads\\\/2024\\\/12\\\/08154833\\\/cropped-Myplan-Logo-black-text-2.png\",\"contentUrl\":\"https:\\\/\\\/myplan-cdn-prod.s3.eu-west-1.amazonaws.com\\\/wp-content\\\/uploads\\\/2024\\\/12\\\/08154833\\\/cropped-Myplan-Logo-black-text-2.png\",\"width\":948,\"height\":337,\"caption\":\"My Plan\"},\"image\":{\"@id\":\"https:\\\/\\\/www.myplan.ie\\\/#\\\/schema\\\/logo\\\/image\\\/\"}},{\"@type\":\"Person\",\"@id\":\"https:\\\/\\\/www.myplan.ie\\\/#\\\/schema\\\/person\\\/9c8911956c121a7770f53a2cdebef316\",\"name\":\"Cathal Black\",\"image\":{\"@type\":\"ImageObject\",\"inLanguage\":\"ga-IE\",\"@id\":\"https:\\\/\\\/secure.gravatar.com\\\/avatar\\\/48ff7508a7d57f6a5fd8cac84202b844b63bb2ef0935a06561c5f4319513e72b?s=96&d=mm&r=g\",\"url\":\"https:\\\/\\\/secure.gravatar.com\\\/avatar\\\/48ff7508a7d57f6a5fd8cac84202b844b63bb2ef0935a06561c5f4319513e72b?s=96&d=mm&r=g\",\"contentUrl\":\"https:\\\/\\\/secure.gravatar.com\\\/avatar\\\/48ff7508a7d57f6a5fd8cac84202b844b63bb2ef0935a06561c5f4319513e72b?s=96&d=mm&r=g\",\"caption\":\"Cathal Black\"},\"url\":\"https:\\\/\\\/www.myplan.ie\\\/ga\\\/author\\\/cathal-black\\\/\"}]}<\/script>\n<!-- \/ Yoast SEO plugin. -->","yoast_head_json":{"title":"D\u00edol\u00faint\u00ed Plean\u00e1la Gr\u00e9ine - My Plan","robots":{"index":"index","follow":"follow","max-snippet":"max-snippet:-1","max-image-preview":"max-image-preview:large","max-video-preview":"max-video-preview:-1"},"canonical":"https:\/\/www.myplan.ie\/ga\/solar-planning-exemptions\/","twitter_misc":{"Written by":"Cathal Black","Est. reading time":"1 minute"},"schema":{"@context":"https:\/\/schema.org","@graph":[{"@type":"Article","@id":"https:\/\/www.myplan.ie\/ga\/solar-planning-exemptions\/#article","isPartOf":{"@id":"https:\/\/www.myplan.ie\/ga\/solar-planning-exemptions\/"},"author":{"name":"Cathal Black","@id":"https:\/\/www.myplan.ie\/#\/schema\/person\/9c8911956c121a7770f53a2cdebef316"},"headline":"D\u00edol\u00faint\u00ed Plean\u00e1la Gr\u00e9ine","datePublished":"2022-10-07T11:03:00+00:00","dateModified":"2023-09-19T15:37:44+00:00","mainEntityOfPage":{"@id":"https:\/\/www.myplan.ie\/ga\/solar-planning-exemptions\/"},"wordCount":205,"publisher":{"@id":"https:\/\/www.myplan.ie\/#organization"},"articleSection":["News"],"inLanguage":"ga-IE"},{"@type":"WebPage","@id":"https:\/\/www.myplan.ie\/ga\/solar-planning-exemptions\/","url":"https:\/\/www.myplan.ie\/ga\/solar-planning-exemptions\/","name":"D\u00edol\u00faint\u00ed Plean\u00e1la Gr\u00e9ine - My Plan","isPartOf":{"@id":"https:\/\/www.myplan.ie\/#website"},"datePublished":"2022-10-07T11:03:00+00:00","dateModified":"2023-09-19T15:37:44+00:00","breadcrumb":{"@id":"https:\/\/www.myplan.ie\/ga\/solar-planning-exemptions\/#breadcrumb"},"inLanguage":"ga-IE","potentialAction":[{"@type":"ReadAction","target":["https:\/\/www.myplan.ie\/ga\/solar-planning-exemptions\/"]}]},{"@type":"BreadcrumbList","@id":"https:\/\/www.myplan.ie\/ga\/solar-planning-exemptions\/#breadcrumb","itemListElement":[{"@type":"ListItem","position":1,"name":"Home","item":"https:\/\/www.myplan.ie\/ga\/"},{"@type":"ListItem","position":2,"name":"D\u00edol\u00faint\u00ed Plean\u00e1la Gr\u00e9ine"}]},{"@type":"WebSite","@id":"https:\/\/www.myplan.ie\/#website","url":"https:\/\/www.myplan.ie\/","name":"My Plan","description":"","publisher":{"@id":"https:\/\/www.myplan.ie\/#organization"},"potentialAction":[{"@type":"SearchAction","target":{"@type":"EntryPoint","urlTemplate":"https:\/\/www.myplan.ie\/?s={search_term_string}"},"query-input":{"@type":"PropertyValueSpecification","valueRequired":true,"valueName":"search_term_string"}}],"inLanguage":"ga-IE"},{"@type":"Organization","@id":"https:\/\/www.myplan.ie\/#organization","name":"My Plan","url":"https:\/\/www.myplan.ie\/","logo":{"@type":"ImageObject","inLanguage":"ga-IE","@id":"https:\/\/www.myplan.ie\/#\/schema\/logo\/image\/","url":"https:\/\/myplan-cdn-prod.s3.eu-west-1.amazonaws.com\/wp-content\/uploads\/2024\/12\/08154833\/cropped-Myplan-Logo-black-text-2.png","contentUrl":"https:\/\/myplan-cdn-prod.s3.eu-west-1.amazonaws.com\/wp-content\/uploads\/2024\/12\/08154833\/cropped-Myplan-Logo-black-text-2.png","width":948,"height":337,"caption":"My Plan"},"image":{"@id":"https:\/\/www.myplan.ie\/#\/schema\/logo\/image\/"}},{"@type":"Person","@id":"https:\/\/www.myplan.ie\/#\/schema\/person\/9c8911956c121a7770f53a2cdebef316","name":"Cathal Black","image":{"@type":"ImageObject","inLanguage":"ga-IE","@id":"https:\/\/secure.gravatar.com\/avatar\/48ff7508a7d57f6a5fd8cac84202b844b63bb2ef0935a06561c5f4319513e72b?s=96&d=mm&r=g","url":"https:\/\/secure.gravatar.com\/avatar\/48ff7508a7d57f6a5fd8cac84202b844b63bb2ef0935a06561c5f4319513e72b?s=96&d=mm&r=g","contentUrl":"https:\/\/secure.gravatar.com\/avatar\/48ff7508a7d57f6a5fd8cac84202b844b63bb2ef0935a06561c5f4319513e72b?s=96&d=mm&r=g","caption":"Cathal Black"},"url":"https:\/\/www.myplan.ie\/ga\/author\/cathal-black\/"}]}},"_links":{"self":[{"href":"https:\/\/www.myplan.ie\/ga\/wp-json\/wp\/v2\/posts\/1799","targetHints":{"allow":["GET"]}}],"collection":[{"href":"https:\/\/www.myplan.ie\/ga\/wp-json\/wp\/v2\/posts"}],"about":[{"href":"https:\/\/www.myplan.ie\/ga\/wp-json\/wp\/v2\/types\/post"}],"author":[{"embeddable":true,"href":"https:\/\/www.myplan.ie\/ga\/wp-json\/wp\/v2\/users\/7"}],"replies":[{"embeddable":true,"href":"https:\/\/www.myplan.ie\/ga\/wp-json\/wp\/v2\/comments?post=1799"}],"version-history":[{"count":3,"href":"https:\/\/www.myplan.ie\/ga\/wp-json\/wp\/v2\/posts\/1799\/revisions"}],"predecessor-version":[{"id":1821,"href":"https:\/\/www.myplan.ie\/ga\/wp-json\/wp\/v2\/posts\/1799\/revisions\/1821"}],"wp:attachment":[{"href":"https:\/\/www.myplan.ie\/ga\/wp-json\/wp\/v2\/media?parent=1799"}],"wp:term":[{"taxonomy":"category","embeddable":true,"href":"https:\/\/www.myplan.ie\/ga\/wp-json\/wp\/v2\/categories?post=1799"},{"taxonomy":"post_tag","embeddable":true,"href":"https:\/\/www.myplan.ie\/ga\/wp-json\/wp\/v2\/tags?post=1799"}],"curies":[{"name":"wp","href":"https:\/\/api.w.org\/{rel}","templated":true}]}}