
{"id":2087,"date":"2024-12-12T12:09:22","date_gmt":"2024-12-12T12:09:22","guid":{"rendered":"https:\/\/www.myplan.ie\/?p=2087"},"modified":"2024-12-12T14:53:22","modified_gmt":"2024-12-12T14:53:22","slug":"mol-naisiunta-na-sonrai-um-pleanail-gheospasuil","status":"publish","type":"post","link":"https:\/\/www.myplan.ie\/ga\/mol-naisiunta-na-sonrai-um-pleanail-gheospasuil\/","title":{"rendered":"Mol N\u00e1isi\u00fanta na Sonra\u00ed um Plean\u00e1il Gheosp\u00e1s\u00fail"},"content":{"rendered":"\n<p>Is comhshaothar \u00e9 <strong><a href=\"https:\/\/planning.geohive.ie\/\">Mol N\u00e1isi\u00fanta na Sonra\u00ed um Plean\u00e1il Gheosp\u00e1s\u00fail<\/a><\/strong>\u00a0idir an Roinn Tith\u00edochta, Rialtais \u00c1iti\u00fail agus Oidhreachta agus Tailte \u00c9ireann agus t\u00e1 raon de l\u00e9arsc\u00e1ileanna agus deaiseanna idirghn\u00edomhacha ann a dh\u00edr\u00edonn ar ghn\u00edomha\u00edocht plean\u00e1la agus forbartha in \u00c9irinn agus is f\u00e9idir rochtain a dh\u00e9anamh orthu anois in \u00e1it l\u00e1rnach amh\u00e1in.<\/p>\n","protected":false},"excerpt":{"rendered":"<p>Is comhshaothar \u00e9 Mol N\u00e1isi\u00fanta na Sonra\u00ed um Plean\u00e1il Gheosp\u00e1s\u00fail\u00a0idir an Roinn Tith\u00edochta, Rialtais \u00c1iti\u00fail agus Oidhreachta agus Tailte \u00c9ireann agus t\u00e1 raon de l\u00e9arsc\u00e1ileanna agus deaiseanna idirghn\u00edomhacha ann a dh\u00edr\u00edonn ar ghn\u00edomha\u00edocht plean\u00e1la agus forbartha in \u00c9irinn agus is f\u00e9idir rochtain a dh\u00e9anamh orthu anois in \u00e1it l\u00e1rnach amh\u00e1in.<\/p>\n","protected":false},"author":7,"featured_media":0,"comment_status":"closed","ping_status":"closed","sticky":false,"template":"","format":"standard","meta":{"_acf_changed":false,"footnotes":""},"categories":[8],"tags":[],"class_list":["post-2087","post","type-post","status-publish","format-standard","hentry","category-news-ga"],"acf":[],"yoast_head":"<!-- This site is optimized with the Yoast SEO plugin v27.5 - https:\/\/yoast.com\/product\/yoast-seo-wordpress\/ -->\n<title>Mol N\u00e1isi\u00fanta na Sonra\u00ed um Plean\u00e1il Gheosp\u00e1s\u00fail - My Plan<\/title>\n<meta name=\"robots\" content=\"index, follow, max-snippet:-1, max-image-preview:large, max-video-preview:-1\" \/>\n<link rel=\"canonical\" href=\"https:\/\/www.myplan.ie\/ga\/mol-naisiunta-na-sonrai-um-pleanail-gheospasuil\/\" \/>\n<meta name=\"twitter:label1\" content=\"Written by\" \/>\n\t<meta name=\"twitter:data1\" content=\"Cathal Black\" \/>\n\t<meta name=\"twitter:label2\" content=\"Est. reading time\" \/>\n\t<meta name=\"twitter:data2\" content=\"1 minute\" \/>\n<script type=\"application\/ld+json\" class=\"yoast-schema-graph\">{\"@context\":\"https:\\\/\\\/schema.org\",\"@graph\":[{\"@type\":\"Article\",\"@id\":\"https:\\\/\\\/www.myplan.ie\\\/ga\\\/mol-naisiunta-na-sonrai-um-pleanail-gheospasuil\\\/#article\",\"isPartOf\":{\"@id\":\"https:\\\/\\\/www.myplan.ie\\\/ga\\\/mol-naisiunta-na-sonrai-um-pleanail-gheospasuil\\\/\"},\"author\":{\"name\":\"Cathal Black\",\"@id\":\"https:\\\/\\\/www.myplan.ie\\\/#\\\/schema\\\/person\\\/9c8911956c121a7770f53a2cdebef316\"},\"headline\":\"Mol N\u00e1isi\u00fanta na Sonra\u00ed um Plean\u00e1il Gheosp\u00e1s\u00fail\",\"datePublished\":\"2024-12-12T12:09:22+00:00\",\"dateModified\":\"2024-12-12T14:53:22+00:00\",\"mainEntityOfPage\":{\"@id\":\"https:\\\/\\\/www.myplan.ie\\\/ga\\\/mol-naisiunta-na-sonrai-um-pleanail-gheospasuil\\\/\"},\"wordCount\":81,\"publisher\":{\"@id\":\"https:\\\/\\\/www.myplan.ie\\\/#organization\"},\"articleSection\":[\"News\"],\"inLanguage\":\"ga-IE\"},{\"@type\":\"WebPage\",\"@id\":\"https:\\\/\\\/www.myplan.ie\\\/ga\\\/mol-naisiunta-na-sonrai-um-pleanail-gheospasuil\\\/\",\"url\":\"https:\\\/\\\/www.myplan.ie\\\/ga\\\/mol-naisiunta-na-sonrai-um-pleanail-gheospasuil\\\/\",\"name\":\"Mol N\u00e1isi\u00fanta na Sonra\u00ed um Plean\u00e1il Gheosp\u00e1s\u00fail - My Plan\",\"isPartOf\":{\"@id\":\"https:\\\/\\\/www.myplan.ie\\\/#website\"},\"datePublished\":\"2024-12-12T12:09:22+00:00\",\"dateModified\":\"2024-12-12T14:53:22+00:00\",\"breadcrumb\":{\"@id\":\"https:\\\/\\\/www.myplan.ie\\\/ga\\\/mol-naisiunta-na-sonrai-um-pleanail-gheospasuil\\\/#breadcrumb\"},\"inLanguage\":\"ga-IE\",\"potentialAction\":[{\"@type\":\"ReadAction\",\"target\":[\"https:\\\/\\\/www.myplan.ie\\\/ga\\\/mol-naisiunta-na-sonrai-um-pleanail-gheospasuil\\\/\"]}]},{\"@type\":\"BreadcrumbList\",\"@id\":\"https:\\\/\\\/www.myplan.ie\\\/ga\\\/mol-naisiunta-na-sonrai-um-pleanail-gheospasuil\\\/#breadcrumb\",\"itemListElement\":[{\"@type\":\"ListItem\",\"position\":1,\"name\":\"Home\",\"item\":\"https:\\\/\\\/www.myplan.ie\\\/ga\\\/\"},{\"@type\":\"ListItem\",\"position\":2,\"name\":\"Mol N\u00e1isi\u00fanta na Sonra\u00ed um Plean\u00e1il Gheosp\u00e1s\u00fail\"}]},{\"@type\":\"WebSite\",\"@id\":\"https:\\\/\\\/www.myplan.ie\\\/#website\",\"url\":\"https:\\\/\\\/www.myplan.ie\\\/\",\"name\":\"My Plan\",\"description\":\"\",\"publisher\":{\"@id\":\"https:\\\/\\\/www.myplan.ie\\\/#organization\"},\"potentialAction\":[{\"@type\":\"SearchAction\",\"target\":{\"@type\":\"EntryPoint\",\"urlTemplate\":\"https:\\\/\\\/www.myplan.ie\\\/?s={search_term_string}\"},\"query-input\":{\"@type\":\"PropertyValueSpecification\",\"valueRequired\":true,\"valueName\":\"search_term_string\"}}],\"inLanguage\":\"ga-IE\"},{\"@type\":\"Organization\",\"@id\":\"https:\\\/\\\/www.myplan.ie\\\/#organization\",\"name\":\"My Plan\",\"url\":\"https:\\\/\\\/www.myplan.ie\\\/\",\"logo\":{\"@type\":\"ImageObject\",\"inLanguage\":\"ga-IE\",\"@id\":\"https:\\\/\\\/www.myplan.ie\\\/#\\\/schema\\\/logo\\\/image\\\/\",\"url\":\"https:\\\/\\\/myplan-cdn-prod.s3.eu-west-1.amazonaws.com\\\/wp-content\\\/uploads\\\/2024\\\/12\\\/08154833\\\/cropped-Myplan-Logo-black-text-2.png\",\"contentUrl\":\"https:\\\/\\\/myplan-cdn-prod.s3.eu-west-1.amazonaws.com\\\/wp-content\\\/uploads\\\/2024\\\/12\\\/08154833\\\/cropped-Myplan-Logo-black-text-2.png\",\"width\":948,\"height\":337,\"caption\":\"My Plan\"},\"image\":{\"@id\":\"https:\\\/\\\/www.myplan.ie\\\/#\\\/schema\\\/logo\\\/image\\\/\"}},{\"@type\":\"Person\",\"@id\":\"https:\\\/\\\/www.myplan.ie\\\/#\\\/schema\\\/person\\\/9c8911956c121a7770f53a2cdebef316\",\"name\":\"Cathal Black\",\"image\":{\"@type\":\"ImageObject\",\"inLanguage\":\"ga-IE\",\"@id\":\"https:\\\/\\\/secure.gravatar.com\\\/avatar\\\/48ff7508a7d57f6a5fd8cac84202b844b63bb2ef0935a06561c5f4319513e72b?s=96&d=mm&r=g\",\"url\":\"https:\\\/\\\/secure.gravatar.com\\\/avatar\\\/48ff7508a7d57f6a5fd8cac84202b844b63bb2ef0935a06561c5f4319513e72b?s=96&d=mm&r=g\",\"contentUrl\":\"https:\\\/\\\/secure.gravatar.com\\\/avatar\\\/48ff7508a7d57f6a5fd8cac84202b844b63bb2ef0935a06561c5f4319513e72b?s=96&d=mm&r=g\",\"caption\":\"Cathal Black\"},\"url\":\"https:\\\/\\\/www.myplan.ie\\\/ga\\\/author\\\/cathal-black\\\/\"}]}<\/script>\n<!-- \/ Yoast SEO plugin. -->","yoast_head_json":{"title":"Mol N\u00e1isi\u00fanta na Sonra\u00ed um Plean\u00e1il Gheosp\u00e1s\u00fail - My Plan","robots":{"index":"index","follow":"follow","max-snippet":"max-snippet:-1","max-image-preview":"max-image-preview:large","max-video-preview":"max-video-preview:-1"},"canonical":"https:\/\/www.myplan.ie\/ga\/mol-naisiunta-na-sonrai-um-pleanail-gheospasuil\/","twitter_misc":{"Written by":"Cathal Black","Est. reading time":"1 minute"},"schema":{"@context":"https:\/\/schema.org","@graph":[{"@type":"Article","@id":"https:\/\/www.myplan.ie\/ga\/mol-naisiunta-na-sonrai-um-pleanail-gheospasuil\/#article","isPartOf":{"@id":"https:\/\/www.myplan.ie\/ga\/mol-naisiunta-na-sonrai-um-pleanail-gheospasuil\/"},"author":{"name":"Cathal Black","@id":"https:\/\/www.myplan.ie\/#\/schema\/person\/9c8911956c121a7770f53a2cdebef316"},"headline":"Mol N\u00e1isi\u00fanta na Sonra\u00ed um Plean\u00e1il Gheosp\u00e1s\u00fail","datePublished":"2024-12-12T12:09:22+00:00","dateModified":"2024-12-12T14:53:22+00:00","mainEntityOfPage":{"@id":"https:\/\/www.myplan.ie\/ga\/mol-naisiunta-na-sonrai-um-pleanail-gheospasuil\/"},"wordCount":81,"publisher":{"@id":"https:\/\/www.myplan.ie\/#organization"},"articleSection":["News"],"inLanguage":"ga-IE"},{"@type":"WebPage","@id":"https:\/\/www.myplan.ie\/ga\/mol-naisiunta-na-sonrai-um-pleanail-gheospasuil\/","url":"https:\/\/www.myplan.ie\/ga\/mol-naisiunta-na-sonrai-um-pleanail-gheospasuil\/","name":"Mol N\u00e1isi\u00fanta na Sonra\u00ed um Plean\u00e1il Gheosp\u00e1s\u00fail - My Plan","isPartOf":{"@id":"https:\/\/www.myplan.ie\/#website"},"datePublished":"2024-12-12T12:09:22+00:00","dateModified":"2024-12-12T14:53:22+00:00","breadcrumb":{"@id":"https:\/\/www.myplan.ie\/ga\/mol-naisiunta-na-sonrai-um-pleanail-gheospasuil\/#breadcrumb"},"inLanguage":"ga-IE","potentialAction":[{"@type":"ReadAction","target":["https:\/\/www.myplan.ie\/ga\/mol-naisiunta-na-sonrai-um-pleanail-gheospasuil\/"]}]},{"@type":"BreadcrumbList","@id":"https:\/\/www.myplan.ie\/ga\/mol-naisiunta-na-sonrai-um-pleanail-gheospasuil\/#breadcrumb","itemListElement":[{"@type":"ListItem","position":1,"name":"Home","item":"https:\/\/www.myplan.ie\/ga\/"},{"@type":"ListItem","position":2,"name":"Mol N\u00e1isi\u00fanta na Sonra\u00ed um Plean\u00e1il Gheosp\u00e1s\u00fail"}]},{"@type":"WebSite","@id":"https:\/\/www.myplan.ie\/#website","url":"https:\/\/www.myplan.ie\/","name":"My Plan","description":"","publisher":{"@id":"https:\/\/www.myplan.ie\/#organization"},"potentialAction":[{"@type":"SearchAction","target":{"@type":"EntryPoint","urlTemplate":"https:\/\/www.myplan.ie\/?s={search_term_string}"},"query-input":{"@type":"PropertyValueSpecification","valueRequired":true,"valueName":"search_term_string"}}],"inLanguage":"ga-IE"},{"@type":"Organization","@id":"https:\/\/www.myplan.ie\/#organization","name":"My Plan","url":"https:\/\/www.myplan.ie\/","logo":{"@type":"ImageObject","inLanguage":"ga-IE","@id":"https:\/\/www.myplan.ie\/#\/schema\/logo\/image\/","url":"https:\/\/myplan-cdn-prod.s3.eu-west-1.amazonaws.com\/wp-content\/uploads\/2024\/12\/08154833\/cropped-Myplan-Logo-black-text-2.png","contentUrl":"https:\/\/myplan-cdn-prod.s3.eu-west-1.amazonaws.com\/wp-content\/uploads\/2024\/12\/08154833\/cropped-Myplan-Logo-black-text-2.png","width":948,"height":337,"caption":"My Plan"},"image":{"@id":"https:\/\/www.myplan.ie\/#\/schema\/logo\/image\/"}},{"@type":"Person","@id":"https:\/\/www.myplan.ie\/#\/schema\/person\/9c8911956c121a7770f53a2cdebef316","name":"Cathal Black","image":{"@type":"ImageObject","inLanguage":"ga-IE","@id":"https:\/\/secure.gravatar.com\/avatar\/48ff7508a7d57f6a5fd8cac84202b844b63bb2ef0935a06561c5f4319513e72b?s=96&d=mm&r=g","url":"https:\/\/secure.gravatar.com\/avatar\/48ff7508a7d57f6a5fd8cac84202b844b63bb2ef0935a06561c5f4319513e72b?s=96&d=mm&r=g","contentUrl":"https:\/\/secure.gravatar.com\/avatar\/48ff7508a7d57f6a5fd8cac84202b844b63bb2ef0935a06561c5f4319513e72b?s=96&d=mm&r=g","caption":"Cathal Black"},"url":"https:\/\/www.myplan.ie\/ga\/author\/cathal-black\/"}]}},"_links":{"self":[{"href":"https:\/\/www.myplan.ie\/ga\/wp-json\/wp\/v2\/posts\/2087","targetHints":{"allow":["GET"]}}],"collection":[{"href":"https:\/\/www.myplan.ie\/ga\/wp-json\/wp\/v2\/posts"}],"about":[{"href":"https:\/\/www.myplan.ie\/ga\/wp-json\/wp\/v2\/types\/post"}],"author":[{"embeddable":true,"href":"https:\/\/www.myplan.ie\/ga\/wp-json\/wp\/v2\/users\/7"}],"replies":[{"embeddable":true,"href":"https:\/\/www.myplan.ie\/ga\/wp-json\/wp\/v2\/comments?post=2087"}],"version-history":[{"count":3,"href":"https:\/\/www.myplan.ie\/ga\/wp-json\/wp\/v2\/posts\/2087\/revisions"}],"predecessor-version":[{"id":2096,"href":"https:\/\/www.myplan.ie\/ga\/wp-json\/wp\/v2\/posts\/2087\/revisions\/2096"}],"wp:attachment":[{"href":"https:\/\/www.myplan.ie\/ga\/wp-json\/wp\/v2\/media?parent=2087"}],"wp:term":[{"taxonomy":"category","embeddable":true,"href":"https:\/\/www.myplan.ie\/ga\/wp-json\/wp\/v2\/categories?post=2087"},{"taxonomy":"post_tag","embeddable":true,"href":"https:\/\/www.myplan.ie\/ga\/wp-json\/wp\/v2\/tags?post=2087"}],"curies":[{"name":"wp","href":"https:\/\/api.w.org\/{rel}","templated":true}]}}